{"id":3567,"date":"2026-09-03T11:45:42","date_gmt":"2026-09-03T09:45:42","guid":{"rendered":"https:\/\/ryderalbania.org.al\/?p=3567"},"modified":"2026-09-03T12:23:09","modified_gmt":"2026-09-03T10:23:09","slug":"vrapo-per-shprese","status":"publish","type":"post","link":"https:\/\/ryderalbania.org.al\/en\/2026\/09\/03\/vrapo-per-shprese\/","title":{"rendered":"Vrapo p\u00ebr Shpres\u00eb !"},"content":{"rendered":"<figure class=\"blockart-image blockart-image-1c0f83bf\"><img loading=\"lazy\" decoding=\"async\" width=\"1600\" height=\"400\" class=\"wp-image-3568 hover-effect-static filter-none mask mask-none\" src=\"https:\/\/ryderalbania.org.al\/wp-content\/uploads\/2026\/09\/image.png\" alt=\"\" srcset=\"https:\/\/ryderalbania.org.al\/wp-content\/uploads\/2026\/09\/image.png 1600w, https:\/\/ryderalbania.org.al\/wp-content\/uploads\/2026\/09\/image-300x75.png 300w, https:\/\/ryderalbania.org.al\/wp-content\/uploads\/2026\/09\/image-1024x256.png 1024w, https:\/\/ryderalbania.org.al\/wp-content\/uploads\/2026\/09\/image-768x192.png 768w, https:\/\/ryderalbania.org.al\/wp-content\/uploads\/2026\/09\/image-1536x384.png 1536w, https:\/\/ryderalbania.org.al\/wp-content\/uploads\/2026\/09\/image-18x5.png 18w\" sizes=\"auto, (max-width: 1600px) 100vw, 1600px\" \/><\/figure>\n\n\n\n<p><strong>Bashkohu me ne n\u00eb Maraton\u00ebn e Tiran\u00ebs 2026, mb\u00ebshtet Kujdesin Paliativ n\u00eb Shqip\u00ebri !<\/strong><\/p>\n\n\n\n<p>M\u00eb 25 tetor 2026, Ryder Albania dhe Hospices of Hope bashkohen n\u00eb Maraton\u00ebn e Tiran\u00ebs me nj\u00eb q\u00ebllim t\u00eb p\u00ebrbashk\u00ebt, t\u00eb mbledhin fonde p\u00ebr t\u00eb mund\u00ebsuar ofrimin falas t\u00eb kujdesit paliativ n\u00eb sht\u00ebpi p\u00ebr pacient\u00ebt me kancer dhe s\u00ebmundje t\u00eb tjera t\u00eb r\u00ebnda.<\/p>\n\n\n\n<p>Prej m\u00eb shum\u00eb se 30 vitesh, Ryder Albania ofron falas kujdes paliativ p\u00ebr pacient\u00ebt dhe familjet e tyre n\u00eb Shqip\u00ebri. Ekipet e saj, t\u00eb p\u00ebrb\u00ebra nga mjek\u00eb, infermier\u00eb dhe punonj\u00ebs social\u00eb, vizitojn\u00eb pacient\u00ebt n\u00eb sht\u00ebpit\u00eb e tyre, duke ndihmuar n\u00eb menaxhimin e dhimbjes dhe simptomave t\u00eb tjera, si dhe duke mb\u00ebshtetur familjet gjat\u00eb sfidave t\u00eb kujdesit p\u00ebr nj\u00eb person me s\u00ebmundje t\u00eb r\u00ebnd\u00eb. P\u00ebr pacient\u00ebt q\u00eb p\u00ebrballen me nj\u00eb s\u00ebmundje t\u00eb r\u00ebnd\u00eb, mund\u00ebsia p\u00ebr t\u00eb q\u00ebndruar n\u00eb sht\u00ebpi, pran\u00eb njer\u00ebzve t\u00eb dashur dhe duke marr\u00eb kujdesin p\u00ebr t\u00eb cilin kan\u00eb nevoj\u00eb, mund t\u00eb b\u00ebj\u00eb nj\u00eb ndryshim t\u00eb jasht\u00ebzakonsh\u00ebm.<\/p>\n\n\n\n<p>N\u00eb Shqip\u00ebri, shum\u00eb njer\u00ebz q\u00eb kan\u00eb nevoj\u00eb p\u00ebr kujdes paliativ t\u00eb specializuar ende kan\u00eb akses t\u00eb kufizuar n\u00eb k\u00ebto sh\u00ebrbime. \u00c7do donacion p\u00ebr \u201c<strong>Vrapo p\u00ebr Shpres\u00eb\u201d<\/strong> do t\u00eb ndihmoj\u00eb Ryder Albania t\u00eb vazhdoj\u00eb t\u00eb ofroj\u00eb kujdes paliativ profesional p\u00ebr pacient\u00ebt dhe familjet n\u00eb sht\u00ebpit\u00eb e tyre. Mb\u00ebshtetja juaj mund t\u00eb sjell\u00eb <strong>kujdes, leht\u00ebsim dhe dinjitet<\/strong> p\u00ebr m\u00eb shum\u00eb njer\u00ebz, pik\u00ebrisht at\u00ebher\u00eb kur kan\u00eb m\u00eb shum\u00eb nevoj\u00eb.<\/p>\n\n\n\n<p>Ju mund ta mb\u00ebshtesni fushat\u00ebn duke:<\/p>\n\n\n\n<p>\u2022 \ud83c\udfc3Vrapuar me ne n\u00eb Maraton\u00ebn e Tiran\u00ebs; <\/p>\n\n\n\n<p>\u2022 \ud83d\udc99Mb\u00ebshtetur nj\u00eb nga vrapuesit tan\u00eb me nj\u00eb donacion;<\/p>\n\n\n\n<p>\u2022 \ud83e\udd1dDhuruar drejtp\u00ebrdrejt p\u00ebr fushat\u00ebn; ose<\/p>\n\n\n\n<p>\u2022 \ud83d\udce2Shp\u00ebrndar\u00eb fushat\u00ebn me miqt\u00eb, familjar\u00ebt dhe koleg\u00ebt tuaj.<\/p>\n\n\n\n<p>\ud83d\udc49&nbsp;<strong>Mb\u00ebshtet fushat\u00ebn \u201cRun for Hope\u201d dhe b\u00ebhu pjes\u00eb e ndryshimit:<\/strong><a href=\"https:\/\/www.justgiving.com\/campaign\/runforhopealbania2026\"> <\/a><a href=\"https:\/\/www.justgiving.com\/campaign\/runforhopealbania2026\">https:\/\/www.justgiving.com\/campaign\/runforhopealbania2026<\/a><\/p>\n\n\n\n<h3 class=\"wp-block-heading\">P\u00ebr t\u2019u b\u00ebr\u00eb pjes\u00eb e fushat\u00ebs<\/h3>\n\n\n\n<p>N\u00ebse jeni t\u00eb interesuar t\u00eb merrni pjes\u00eb n\u00eb&nbsp;<strong>Run for Hope Albania 2026<\/strong>, ju lutemi na kontaktoni:<\/p>\n\n\n\n<p>\ud83d\udce7\u00a0<strong>alind@hospicesofhope.com<\/strong>  \ud83d\udcf1 00355674045550<\/p>\n\n\n\n<p><\/p>\n\n\n\n<p><\/p>","protected":false},"excerpt":{"rendered":"<p>Bashkohu me ne n\u00eb Maraton\u00ebn e Tiran\u00ebs 2026, mb\u00ebshtet Kujdesin Paliativ n\u00eb Shqip\u00ebri ! M\u00eb 25 tetor 2026, Ryder Albania dhe Hospices of Hope bashkohen n\u00eb Maraton\u00ebn e Tiran\u00ebs me nj\u00eb q\u00ebllim t\u00eb p\u00ebrbashk\u00ebt, t\u00eb mbledhin fonde p\u00ebr t\u00eb mund\u00ebsuar ofrimin falas t\u00eb kujdesit paliativ n\u00eb sht\u00ebpi p\u00ebr pacient\u00ebt me kancer dhe s\u00ebmundje t\u00eb tjera t\u00eb r\u00ebnda. Prej m\u00eb shum\u00eb &hellip; <\/p>","protected":false},"author":3,"featured_media":0,"comment_status":"closed","ping_status":"","sticky":false,"template":"","format":"standard","meta":{"footnotes":""},"categories":[1,47],"tags":[],"class_list":["post-3567","post","type-post","status-publish","format-standard","hentry","category-aktivitete-evente","category-njoftime"],"_links":{"self":[{"href":"https:\/\/ryderalbania.org.al\/en\/wp-json\/wp\/v2\/posts\/3567","targetHints":{"allow":["GET"]}}],"collection":[{"href":"https:\/\/ryderalbania.org.al\/en\/wp-json\/wp\/v2\/posts"}],"about":[{"href":"https:\/\/ryderalbania.org.al\/en\/wp-json\/wp\/v2\/types\/post"}],"author":[{"embeddable":true,"href":"https:\/\/ryderalbania.org.al\/en\/wp-json\/wp\/v2\/users\/3"}],"replies":[{"embeddable":true,"href":"https:\/\/ryderalbania.org.al\/en\/wp-json\/wp\/v2\/comments?post=3567"}],"version-history":[{"count":3,"href":"https:\/\/ryderalbania.org.al\/en\/wp-json\/wp\/v2\/posts\/3567\/revisions"}],"predecessor-version":[{"id":3571,"href":"https:\/\/ryderalbania.org.al\/en\/wp-json\/wp\/v2\/posts\/3567\/revisions\/3571"}],"wp:attachment":[{"href":"https:\/\/ryderalbania.org.al\/en\/wp-json\/wp\/v2\/media?parent=3567"}],"wp:term":[{"taxonomy":"category","embeddable":true,"href":"https:\/\/ryderalbania.org.al\/en\/wp-json\/wp\/v2\/categories?post=3567"},{"taxonomy":"post_tag","embeddable":true,"href":"https:\/\/ryderalbania.org.al\/en\/wp-json\/wp\/v2\/tags?post=3567"}],"curies":[{"name":"wp","href":"https:\/\/api.w.org\/{rel}","templated":true}]}}